{"provider_url": "https://www.rionegro.pr.leg.br", "title": "Setembro Amarelo \u00e9 tema na C\u00e2mara de Rio Negro", "html": "<p>A C\u00e2mara Municipal de Rio Negro abriu espa\u00e7o na <b>30\u00aa Sess\u00e3o Ordin\u00e1ria</b>, realizada na ter\u00e7a-feira (16), para a participa\u00e7\u00e3o de <b>Vivian Jungles Barbosa</b>, que utilizou a <b>Tribuna Livre</b>\u00a0para falar sobre o <b>Setembro Amarelo</b>.</p>\r\n<p>Em sua fala, Vivian destacou a import\u00e2ncia da <b>valoriza\u00e7\u00e3o da vida</b>\u00a0e da promo\u00e7\u00e3o de a\u00e7\u00f5es voltadas \u00e0 <b>sa\u00fade mental</b>, lembrando que o suic\u00eddio \u00e9 uma das principais causas de morte evit\u00e1veis e que pode ser prevenido com aten\u00e7\u00e3o, empatia e acolhimento.</p>\r\n<p>Os vereadores ressaltaram a relev\u00e2ncia do tema e agradeceram a participa\u00e7\u00e3o, refor\u00e7ando a necessidade de fortalecimento das <b>pol\u00edticas p\u00fablicas de preven\u00e7\u00e3o</b>\u00a0e do apoio ao trabalho desenvolvido pelo <b>CAPS \u2013 Centro de Aten\u00e7\u00e3o Psicossocial</b>\u00a0em Rio Negro.</p>\r\n<p>O presidente da C\u00e2mara, <b>Odair Pereira (PL)</b>, salientou que abrir espa\u00e7o para debates como esse \u00e9 fundamental para aproximar a comunidade do Legislativo e ampliar a conscientiza\u00e7\u00e3o sobre assuntos que impactam diretamente a vida das pessoas.</p>", "author_name": "", "version": "1.0", "author_url": "https://www.rionegro.pr.leg.br/author/adm", "provider_name": "C\u00e2mara Municipal de Rio Negro", "type": "rich"}