{"provider_url": "https://www.rionegro.pr.leg.br", "title": "Rio Negro participa da 12\u00aa Confer\u00eancia Estadual de Direitos Humanos", "html": "<p dir=\"ltr\"><span>Uma comitiva de Rio Negro participou com quatro delegados na <strong>12\u00aa Confer\u00eancia Estadual de Direito Humanos</strong> em Curitiba. Entre os delegados eleitos, estava a vereadora Isabel Grossl. Foram dois dias, 16 e 17 outubro, na Universidade Tecnol\u00f3gica Federal do Paran\u00e1 (UTFPR).</span></p>\r\n<p dir=\"ltr\"><span>Com a a participa\u00e7\u00e3o de cerca de 200 pessoas de todas as regi\u00f5es do Estado, o evento teve como tema \"Por um Paran\u00e1 mais justo: garantia de direitos, democracia, participa\u00e7\u00e3o popular e enfrentamento aos retrocessos.\".\u00a0 Foram debatidos seis eixos essenciais,\u00a0 incluindo democracia, justi\u00e7a social, meio ambiente e fortalecimento institucional.\u00a0</span></p>\r\n<p dir=\"ltr\"><span>O objetivo foi promover justi\u00e7a social, equidade e inclus\u00e3o frente aos desafios regionais. Foram escolhidas 41 pessoas delegadas para representar o Paran\u00e1 na 13\u00aa Confer\u00eancia Nacional, em dezembro, em Bras\u00edlia.</span></p>\r\n<p dir=\"ltr\"><span>Para o evento nacional, 10 a 12 de dezembro, a vereadora Isabel representar\u00e1 os munic\u00edpios paranaenses e o Estado do Paran\u00e1 na categoria de Poder P\u00fablico. O evento ocorrer\u00e1 em Bras\u00edlia.\u00a0</span></p>\r\n<p dir=\"ltr\"><span>- \u00c9 uma grande responsabilidade e tamb\u00e9m uma honra representar o Paran\u00e1 e o munic\u00edpio de Rio Negro na etapa nacional, em Bras\u00edlia. Levo comigo o compromisso de continuar lutando por pol\u00edticas p\u00fablicas que promovam justi\u00e7a social, inclus\u00e3o e respeito \u00e0 dignidade humana e principalmente o enfrentamento aos retrocessos - enfatizou a vereadora Isabel.</span></p>\r\n<div><span><br /></span></div>", "author_name": "", "version": "1.0", "author_url": "https://www.rionegro.pr.leg.br/author/adm", "provider_name": "C\u00e2mara Municipal de Rio Negro", "type": "rich"}