{"provider_url": "https://www.rionegro.pr.leg.br", "title": " Parlamento Jovem realiza pen\u00faltima sess\u00e3o ordin\u00e1ria", "html": "<p style=\"text-align: justify; \">Na \u00faltima quarta-feira, 5, foi realizada a 5\u00aa Sess\u00e3o Ordin\u00e1ria da 1\u00aa Sess\u00e3o Legislativa da 1\u00aa Legislatura do Parlamento Jovem da C\u00e2mara Municipal de Rio Negro (PR). A sess\u00e3o foi presidida pelo parlamentar Vitor Cordeiro, representante do PSP. Os estudantes participantes s\u00e3o do Col\u00e9gio C\u00edvico-Militar Ovande do Amaral, e o encontro contou com a presen\u00e7a do vice-diretor da institui\u00e7\u00e3o, M\u00e1rcio Rasca.</p>\r\n<p style=\"text-align: justify; \">Entre os expedientes, destacou-se o Of\u00edcio n\u00ba 001/2025, datado de 4 de novembro, por meio do qual o Parlamento Jovem encaminhou \u00e0 Mesa Diretora da C\u00e2mara Municipal 23 indica\u00e7\u00f5es aprovadas nas 2\u00aa, 3\u00aa e 4\u00aa sess\u00f5es, conforme prev\u00ea o artigo 11 da Lei Municipal n\u00ba 2915/2018.</p>\r\n<p style=\"text-align: justify; \">Na Ordem do Dia, foram votadas duas mat\u00e9rias principais: o Projeto de Lei Ordin\u00e1ria n\u00ba 1/2025, de autoria conjunta dos parlamentares Eduardo Kennedy,\u00a0 Jo\u00e3o Paulo Elias, Luana Teixeira da Cruz, Nicolas Pereira Stoeberl, , Pietro Ant\u00f4nio, Saulo Lemes, Tiffany Kaszpczak e Vitor Cordeiro, que \u201cinstitui, no \u00e2mbito do Munic\u00edpio de Rio Negro, a \u2018Semana do Livro e da Leitura\u2019 e d\u00e1 outras provid\u00eancias\u201d; e o Requerimento n\u00ba 3/2025, de autoria de Vitor Cordeiro, solicitando aprova\u00e7\u00e3o em regime de urg\u00eancia e dispensa de parecer para o referido projeto. Ambos foram aprovados por unanimidade.</p>\r\n<p style=\"text-align: justify; \">O destaque da sess\u00e3o foi o Projeto de Lei n\u00ba 1/2025, que prop\u00f5e a cria\u00e7\u00e3o do Programa Municipal de Bibliotecas Itinerantes \u2013 \u201cLeitura em Movimento\u201d, com o objetivo de promover o acesso democr\u00e1tico \u00e0 leitura, \u00e0 educa\u00e7\u00e3o e \u00e0 cultura em diferentes bairros e comunidades do munic\u00edpio. A iniciativa prev\u00ea a implanta\u00e7\u00e3o de bibliotecas m\u00f3veis ou itinerantes, utilizando ve\u00edculos adaptados, cont\u00eaineres ou outras estruturas que possibilitem levar livros e atividades culturais \u00e0 popula\u00e7\u00e3o. O programa busca ampliar o acesso aos materiais de leitura, incentivar o h\u00e1bito da leitura entre crian\u00e7as, jovens e adultos e fortalecer o papel da educa\u00e7\u00e3o e da cultura como instrumentos de inclus\u00e3o social. As a\u00e7\u00f5es incluem empr\u00e9stimo e troca de livros, conta\u00e7\u00e3o de hist\u00f3rias, oficinas, rodas de conversa e campanhas de doa\u00e7\u00e3o, com o apoio de escolas e institui\u00e7\u00f5es parceiras. A execu\u00e7\u00e3o ficar\u00e1 sob responsabilidade das Secretarias Municipais de Educa\u00e7\u00e3o e de Cultura, podendo contar com a colabora\u00e7\u00e3o de outros \u00f3rg\u00e3os p\u00fablicos e entidades privadas.</p>\r\n<p style=\"text-align: justify; \">Durante o espa\u00e7o destinado \u00e0s explica\u00e7\u00f5es pessoais, os jovens parlamentares apresentaram demandas dos bairros em que vivem, destacando quest\u00f5es como falta de manuten\u00e7\u00e3o em pra\u00e7as e parques, problemas na coleta de lixo e acessibilidade, entre outros temas.</p>\r\n<p style=\"text-align: justify; \">A sess\u00e3o refor\u00e7a o engajamento da juventude nas inst\u00e2ncias deliberativas do munic\u00edpio, promovendo iniciativas concretas de incentivo \u00e0 leitura e \u00e0 cultura e integrando as a\u00e7\u00f5es dos jovens parlamentares aos dispositivos legais que regem o Parlamento Jovem de Rio Negro. A pr\u00f3xima e \u00faltima sess\u00e3o est\u00e1 prevista para o dia 4 de dezembro.</p>", "author_name": "", "version": "1.0", "author_url": "https://www.rionegro.pr.leg.br/author/adm", "provider_name": "C\u00e2mara Municipal de Rio Negro", "type": "rich"}