{"provider_url": "https://www.rionegro.pr.leg.br", "title": "Vereadores", "html": "<meta /><meta content=\"width=device-width, initial-scale=1\" name=\"viewport\" />\r\n<title>Vereadores | C\u00e2mara Municipal de Rio Negro</title>\r\n<div class=\"container\">\r\n<p class=\" \"><span>Nesta p\u00e1gina, voc\u00ea pode conhecer os vereadores da atual legislatura, seus partidos e os cargos na Mesa Diretora.</span></p>\r\n<p class=\" \"><br /> \ud83e\udded <strong>Clique no nome de cada vereador para acessar seu perfil no <a class=\"external-link\" href=\"https://sapl.rionegro.pr.leg.br/parlamentar/\" target=\"_self\" title=\"\">Sistema de Apoio ao Processo Legislativo (SAPL)</a></strong>, onde voc\u00ea pode acompanhar:</p>\r\n<ul>\r\n<li>Projetos apresentados</li>\r\n<li>Indica\u00e7\u00f5es, requerimentos e vota\u00e7\u00f5es</li>\r\n<li>Atua\u00e7\u00e3o nas comiss\u00f5es</li>\r\n<li>Presen\u00e7a nas sess\u00f5es</li>\r\n<li>Outras informa\u00e7\u00f5es p\u00fablicas sobre o mandato</li>\r\n</ul>\r\n<p class=\" \">Acompanhar e participar do trabalho legislativo \u00e9 um exerc\u00edcio de cidadania.</p>\r\n<table>\r\n<thead>\r\n<tr><th></th><th></th><th>Nome</th><th>Partido</th><th>Cargo</th></tr>\r\n</thead>\r\n<tbody>\r\n<tr>\r\n<td><a class=\"nome-link\" href=\"https://sapl.rionegro.pr.leg.br/parlamentar/6\" target=\"_blank\">\u00a0<img src=\"https://www.rionegro.pr.leg.br/imagens/odair.png/@@images/888643e9-b438-4389-8cff-fb3b52f66c54.png\" alt=\"\" class=\"image-inline\" title=\"\" /></a></td>\r\n<td><a class=\"nome-link\" href=\"https://sapl.rionegro.pr.leg.br/parlamentar/6\" target=\"_blank\">\u00a0</a>\u00a0</td>\r\n<td><a class=\"nome-link\" href=\"https://sapl.rionegro.pr.leg.br/parlamentar/6\" target=\"_blank\">Odair Pereira</a></td>\r\n<td>PL</td>\r\n<td>Presidente</td>\r\n</tr>\r\n<tr>\r\n<td>\u00a0<a class=\"nome-link\" href=\"https://sapl.rionegro.pr.leg.br/parlamentar/6\" target=\"_blank\"></a></td>\r\n<td></td>\r\n<td><a class=\"nome-link\" href=\"https://sapl.rionegro.pr.leg.br/parlamentar/6\" target=\"_blank\"></a></td>\r\n<td></td>\r\n<td></td>\r\n</tr>\r\n<tr>\r\n<td><a class=\"nome-link\" href=\"https://sapl.rionegro.pr.leg.br/parlamentar/39\" target=\"_blank\"><img src=\"https://www.rionegro.pr.leg.br/imagens/Mini.png/@@images/b00d9a0e-3851-41ae-a969-880fec899536.png\" alt=\"\" class=\"image-inline\" title=\"\" /></a></td>\r\n<td><a class=\"nome-link\" href=\"https://sapl.rionegro.pr.leg.br/parlamentar/39\" target=\"_blank\"></a></td>\r\n<td><a class=\"nome-link\" href=\"https://sapl.rionegro.pr.leg.br/parlamentar/39\" target=\"_blank\">Luiz Felipe Stafin</a></td>\r\n<td>PSB</td>\r\n<td>Vice-presidente</td>\r\n</tr>\r\n<tr>\r\n<td>\u00a0</td>\r\n<td></td>\r\n<td><a class=\"nome-link\" href=\"https://sapl.rionegro.pr.leg.br/parlamentar/39\" target=\"_blank\"></a></td>\r\n<td></td>\r\n<td></td>\r\n</tr>\r\n<tr>\r\n<td><a class=\"external-link\" href=\"https://sapl.rionegro.pr.leg.br/parlamentar/34\" target=\"_blank\" title=\"\"><img src=\"https://www.rionegro.pr.leg.br/imagens/milene.png/@@images/b53dd952-5802-41bf-a761-515f2f24e300.png\" alt=\"\" class=\"image-inline\" title=\"\" /></a></td>\r\n<td><a class=\"nome-link\" href=\"https://sapl.rionegro.pr.leg.br/parlamentar/34\" target=\"_blank\"></a></td>\r\n<td><a class=\"nome-link\" href=\"https://sapl.rionegro.pr.leg.br/parlamentar/34\" target=\"_blank\">Milene Torres Gon\u00e7alves Stall</a></td>\r\n<td>PSB</td>\r\n<td>1\u00aa Secret\u00e1ria</td>\r\n</tr>\r\n<tr>\r\n<td>\u00a0</td>\r\n<td></td>\r\n<td><a class=\"nome-link\" href=\"https://sapl.rionegro.pr.leg.br/parlamentar/34\" target=\"_blank\"></a></td>\r\n<td></td>\r\n<td></td>\r\n</tr>\r\n<tr>\r\n<td><a class=\"external-link\" href=\"https://sapl.rionegro.pr.leg.br/parlamentar/9\" target=\"_blank\" title=\"\"><img src=\"https://www.rionegro.pr.leg.br/foto7.jpg/@@images/d66366b8-38a6-4170-b70f-3f8f625a9ea0.jpeg\" alt=\"Isabel Cristina Grossl\" class=\"image-inline\" title=\"Isabel Cristina Grossl\" /></a></td>\r\n<td><a class=\"nome-link\" href=\"https://sapl.rionegro.pr.leg.br/parlamentar/9\" target=\"_blank\"></a></td>\r\n<td><a class=\"nome-link\" href=\"https://sapl.rionegro.pr.leg.br/parlamentar/9\" target=\"_blank\">Isabel Cristina Grossl</a></td>\r\n<td>Republicanos\u00a0 \u00a0\u00a0</td>\r\n<td>2\u00aa Secret\u00e1ria</td>\r\n</tr>\r\n<tr>\r\n<td>\u00a0</td>\r\n<td></td>\r\n<td><a class=\"nome-link\" href=\"https://sapl.rionegro.pr.leg.br/parlamentar/9\" target=\"_blank\"></a></td>\r\n<td></td>\r\n<td></td>\r\n</tr>\r\n<tr>\r\n<td><a class=\"external-link\" href=\"https://sapl.rionegro.pr.leg.br/parlamentar/3\" target=\"_blank\" title=\"\"><img src=\"https://www.rionegro.pr.leg.br/foto4.jpg/@@images/cd067645-99a3-4cf8-b4ce-b9fcbe1883da.jpeg\" alt=\"Elcio Cola\u00e7o\" class=\"image-inline\" title=\"Elcio Cola\u00e7o\" /></a></td>\r\n<td><a class=\"nome-link\" href=\"https://sapl.rionegro.pr.leg.br/parlamentar/3\" target=\"_blank\"></a></td>\r\n<td><a class=\"nome-link\" href=\"https://sapl.rionegro.pr.leg.br/parlamentar/3\" target=\"_blank\">Elcio Josu\u00e9 Cola\u00e7o</a></td>\r\n<td>PSD</td>\r\n<td>Vereador</td>\r\n</tr>\r\n<tr>\r\n<td>\u00a0</td>\r\n<td></td>\r\n<td><a class=\"nome-link\" href=\"https://sapl.rionegro.pr.leg.br/parlamentar/3\" target=\"_blank\"></a></td>\r\n<td></td>\r\n<td></td>\r\n</tr>\r\n<tr>\r\n<td><a class=\"external-link\" href=\"https://sapl.rionegro.pr.leg.br/parlamentar/44\" target=\"_blank\" title=\"\"><img src=\"https://www.rionegro.pr.leg.br/foto8.jpg/@@images/d0addc9e-8b18-4365-9d24-82ba3a3188db.jpeg\" alt=\"Chiquinho Veiga\" class=\"image-inline\" title=\"Chiquinho Veiga\" /></a></td>\r\n<td><a class=\"nome-link\" href=\"https://sapl.rionegro.pr.leg.br/parlamentar/44\" target=\"_blank\"></a></td>\r\n<td><a class=\"nome-link\" href=\"https://sapl.rionegro.pr.leg.br/parlamentar/44\" target=\"_blank\">Francisco Veiga</a></td>\r\n<td>PRD</td>\r\n<td><span>Vereador</span></td>\r\n</tr>\r\n<tr>\r\n<td>\u00a0</td>\r\n<td></td>\r\n<td><a class=\"nome-link\" href=\"https://sapl.rionegro.pr.leg.br/parlamentar/44\" target=\"_blank\"></a></td>\r\n<td></td>\r\n<td><span></span></td>\r\n</tr>\r\n<tr>\r\n<td><a class=\"external-link\" href=\"https://sapl.rionegro.pr.leg.br/parlamentar/41\" target=\"_blank\" title=\"\"><img src=\"https://www.rionegro.pr.leg.br/foto3.jpg/@@images/93482952-3ff3-44d2-b499-c3be84f700d4.jpeg\" alt=\"Geovane Canal C\" class=\"image-inline\" title=\"Geovane Canal C\" /></a></td>\r\n<td><a class=\"nome-link\" href=\"https://sapl.rionegro.pr.leg.br/parlamentar/41\" target=\"_blank\"></a></td>\r\n<td><a class=\"nome-link\" href=\"https://sapl.rionegro.pr.leg.br/parlamentar/41\" target=\"_blank\">Geovane de Lima</a></td>\r\n<td>PODE</td>\r\n<td><span>Vereador</span></td>\r\n</tr>\r\n<tr>\r\n<td>\u00a0</td>\r\n<td></td>\r\n<td><a class=\"nome-link\" href=\"https://sapl.rionegro.pr.leg.br/parlamentar/41\" target=\"_blank\"></a></td>\r\n<td></td>\r\n<td><span></span></td>\r\n</tr>\r\n<tr>\r\n<td><a class=\"external-link\" href=\"https://sapl.rionegro.pr.leg.br/parlamentar/4\" target=\"_blank\" title=\"\"><img src=\"https://www.rionegro.pr.leg.br/foto2.jpg/@@images/070ebf0f-d72d-43da-893a-96fd18ff94f7.jpeg\" alt=\"Jo\u00e3o Alves/Jo\u00e3o Peludo \" class=\"image-inline\" title=\"Jo\u00e3o Alves/Jo\u00e3o Peludo \" /></a></td>\r\n<td><a class=\"nome-link\" href=\"https://sapl.rionegro.pr.leg.br/parlamentar/4\" target=\"_blank\"></a></td>\r\n<td><a class=\"nome-link\" href=\"https://sapl.rionegro.pr.leg.br/parlamentar/4\" target=\"_blank\">Jo\u00e3o Alves</a></td>\r\n<td>PP</td>\r\n<td><span>Vereador</span></td>\r\n</tr>\r\n<tr>\r\n<td>\u00a0</td>\r\n<td></td>\r\n<td><a class=\"nome-link\" href=\"https://sapl.rionegro.pr.leg.br/parlamentar/4\" target=\"_blank\"></a></td>\r\n<td></td>\r\n<td><span></span></td>\r\n</tr>\r\n<tr>\r\n<td><a class=\"external-link\" href=\"https://sapl.rionegro.pr.leg.br/parlamentar/43\" target=\"_blank\" title=\"\"><img src=\"https://www.rionegro.pr.leg.br/foto10.jpg/@@images/061a876e-5a83-4e0b-83be-41cd9bdc4abc.jpeg\" alt=\"Landivo Assistente Social\" class=\"image-inline\" title=\"Landivo Assistente Social\" /></a></td>\r\n<td><a class=\"nome-link\" href=\"https://sapl.rionegro.pr.leg.br/parlamentar/43\" target=\"_blank\"></a></td>\r\n<td><a class=\"nome-link\" href=\"https://sapl.rionegro.pr.leg.br/parlamentar/43\" target=\"_blank\">Landivo Geraldo de Oliveira Gruber</a>\u00a0 \u00a0\u00a0</td>\r\n<td>PSD</td>\r\n<td><span>Vereador</span></td>\r\n</tr>\r\n<tr>\r\n<td>\u00a0</td>\r\n<td></td>\r\n<td><a class=\"nome-link\" href=\"https://sapl.rionegro.pr.leg.br/parlamentar/43\" target=\"_blank\"></a></td>\r\n<td></td>\r\n<td><span></span></td>\r\n</tr>\r\n<tr>\r\n<td><a class=\"external-link\" href=\"https://sapl.rionegro.pr.leg.br/parlamentar/8\" target=\"_blank\" title=\"\"><img src=\"https://www.rionegro.pr.leg.br/foto5.jpg/@@images/d3409c2c-737a-44c7-9e0d-5502eb76f6b3.jpeg\" alt=\"Maria Celia Conte\" class=\"image-inline\" title=\"Maria Celia Conte\" /></a></td>\r\n<td><a class=\"nome-link\" href=\"https://sapl.rionegro.pr.leg.br/parlamentar/8\" target=\"_blank\"></a></td>\r\n<td><a class=\"nome-link\" href=\"https://sapl.rionegro.pr.leg.br/parlamentar/8\" target=\"_blank\">Maria C\u00e9lia Conte</a></td>\r\n<td>Uni\u00e3o</td>\r\n<td><span>Vereadora</span></td>\r\n</tr>\r\n<tr>\r\n<td>\u00a0</td>\r\n<td></td>\r\n<td><a class=\"nome-link\" href=\"https://sapl.rionegro.pr.leg.br/parlamentar/8\" target=\"_blank\"></a></td>\r\n<td></td>\r\n<td><span></span></td>\r\n</tr>\r\n<tr>\r\n<td><a class=\"external-link\" href=\"https://sapl.rionegro.pr.leg.br/parlamentar/38\" target=\"_blank\" title=\"\"><img src=\"https://www.rionegro.pr.leg.br/copy_of_foto.jpg/@@images/1c594fb1-645d-410c-8390-734aa971d2b1.jpeg\" alt=\"Neusa Swarowski \" class=\"image-inline\" title=\"Neusa Swarowski \" /></a></td>\r\n<td><a class=\"nome-link\" href=\"https://sapl.rionegro.pr.leg.br/parlamentar/38\" target=\"_blank\"></a></td>\r\n<td><a class=\"nome-link\" href=\"https://sapl.rionegro.pr.leg.br/parlamentar/38\" target=\"_blank\">Neusa Heuko Swarowski</a></td>\r\n<td>CIDADANIA</td>\r\n<td><span>Vereadora</span></td>\r\n</tr>\r\n</tbody>\r\n</table>\r\n</div>", "author_name": "", "version": "1.0", "author_url": "https://www.rionegro.pr.leg.br/author/adm", "provider_name": "C\u00e2mara Municipal de Rio Negro", "type": "rich"}