{"provider_url": "https://www.rionegro.pr.leg.br", "title": "Tribuna Livre", "html": "<p data-start=\"162\" data-end=\"409\"><span><img src=\"https://www.rionegro.pr.leg.br/IMG_5449.JPG/@@images/c6ad20f5-b2a9-4ae8-bf68-fb064e9cee67.jpeg\" alt=\"\" class=\"image-inline\" title=\"\" /></span></p>\r\n<p data-start=\"162\" data-end=\"409\"><span>\u2705 Quem pode participar?</span></p>\r\n<p data-start=\"439\" data-end=\"526\">Qualquer cidad\u00e3o ou entidade que pretenda manifestar-se sobre temas de interesse p\u00fablico.</p>\r\n<h3 data-start=\"528\" data-end=\"553\">\ud83d\udccb Como se inscrever?</h3>\r\n<p data-start=\"554\" data-end=\"767\">A inscri\u00e7\u00e3o dever\u00e1 ser feita <strong><a class=\"external-link\" href=\"https://forms.gle/ir178jqBAbtBLhRKA\" target=\"_self\" title=\"\">atrav\u00e9s deste formul\u00e1rio</a></strong>, presencialmente ou por telefone junto \u00e0 <strong data-start=\"621\" data-end=\"656\">Diretoria Legislativa da C\u00e2mara</strong> , at\u00e9 <strong data-start=\"662\" data-end=\"691\">\u00e0s 11h30 do dia da sess\u00e3o</strong> . <br data-start=\"692\" data-end=\"695\" /> Na inscri\u00e7\u00e3o, o interessado deve <strong data-start=\"728\" data-end=\"747\">informar o tema</strong> que deseja abordar.</p>\r\n<p data-start=\"554\" data-end=\"767\"><a class=\"external-link\" href=\"http://forms.gle/ir178jqBAbtBLhRKA\" target=\"_self\" title=\"\"><img src=\"https://www.rionegro.pr.leg.br/imagens/SOLICITE.png\" alt=\"\" class=\"image-inline\" title=\"\" /></a></p>\r\n<p data-start=\"769\" data-end=\"783\">\ud83d\udccc Importante:</p>\r\n<ul data-start=\"784\" data-end=\"924\">\r\n<li data-start=\"784\" data-end=\"848\">\r\n<p data-start=\"786\" data-end=\"848\">S\u00f3 poder\u00e3o ser tratados os assuntos informados na inscri\u00e7\u00e3o.</p>\r\n</li>\r\n<li data-start=\"849\" data-end=\"924\">\r\n<p data-start=\"851\" data-end=\"924\">N\u00e3o \u00e9 permitido abordar temas pol\u00edticos, pessoais ou de cunho ofensivo.</p>\r\n</li>\r\n</ul>\r\n<h3 data-start=\"926\" data-end=\"946\">\u23f1\ufe0f Tempo de fala</h3>\r\n<p data-start=\"947\" data-end=\"1080\">O tempo total de <strong data-start=\"982\" data-end=\"996\">15 minutos,\u00a0</strong>dividido conforme o numero de inscri\u00e7\u00f5es.<br data-start=\"997\" data-end=\"1000\" /> Ser\u00e3o aceitas at\u00e9 <strong data-start=\"1018\" data-end=\"1045\">3 inscri\u00e7\u00f5es por sess\u00e3o</strong> , respeitando a ordem de inscri\u00e7\u00e3o.</p>\r\n<h3 data-start=\"1082\" data-end=\"1106\">\u2696\ufe0f Regras de conduta</h3>\r\n<p data-start=\"1107\" data-end=\"1297\">Durante a fala, \u00e9 essencial manter o <strong data-start=\"1144\" data-end=\"1184\">respeito aos vereadores e ao p\u00fablico</strong> . <br data-start=\"1185\" data-end=\"1188\" /> \u00c9 proibido o uso de palavras experimentais ou comportamento inadequado, sob pena de interrup\u00e7\u00e3o imediata da fala.</p>\r\n<p data-start=\"1107\" data-end=\"1297\">\u00a0</p>\r\n<hr data-start=\"1299\" data-end=\"1302\" />\r\n<h3 data-start=\"1304\" data-end=\"1336\"></h3>\r\n<h3 data-start=\"1304\" data-end=\"1336\">\ud83d\udcde Informa\u00e7\u00f5es e Inscri\u00e7\u00f5es:</h3>\r\n<p data-start=\"1337\" data-end=\"1504\"><strong data-start=\"1337\" data-end=\"1395\">Diretoria Legislativa da C\u00e2mara Municipal de Rio Negro</strong><br data-start=\"1395\" data-end=\"1398\" /> \ud83d\udccd Rua Dr. Vicente Machado, 148 \u2013 Centro <br data-start=\"1438\" data-end=\"1441\" /> \ud83d\udcde (47) 3641 7400<br data-start=\"1460\" data-end=\"1463\" /> \ud83d\udd50 Hor\u00e1rio: at\u00e9 as 11h30 do dia da sess\u00e3o</p>", "author_name": "", "version": "1.0", "author_url": "https://www.rionegro.pr.leg.br/author/adm", "provider_name": "C\u00e2mara Municipal de Rio Negro", "type": "rich"}