{"provider_url": "https://www.rionegro.pr.leg.br", "title": "Galeria de Presidentes", "html": "<p>Os(as) presidentes desempenham um papel fundamental na condu\u00e7\u00e3o dos trabalhos da C\u00e2mara, coordenando as sess\u00f5es, garantindo o cumprimento do Regimento Interno e representando institucionalmente o Poder Legislativo.</p>\r\n<p><img src=\"https://www.rionegro.pr.leg.br/imagens/Com.JoodeOliveiraFranco.jpg/@@images/c75ed095-69bd-4dd4-b336-d0b23f210fe3.jpeg\" alt=\"(Fonte: &quot;Centen\u00e1rio da Coloniza\u00e7\u00e3o Alem\u00e3 Rio Negro-Mafra&quot;. Curitiba: Edit. Olivero, 1929- p. 68)\" class=\"image-left\" title=\"Comendador Jo\u00e3o de Oliveira Franco\" /></p>\r\n<p class=\" \">\u00a0</p>\r\n<p class=\" \">\u00a0</p>\r\n<p class=\" \">A C\u00e2mara de Vereadores teve como primeiro\u00a0<em><span><span>Presidente o\u00a0<strong>Comendador Jo\u00e3o Oliveira Franco</strong></span></span></em><strong>\u00a0(1870/1875)</strong>\u00a0assinalando autonomia do Munic\u00edpio.</p>\r\n<p class=\" \"><span><br /></span></p>\r\n<p class=\" \"><strong><br /></strong></p>\r\n<p class=\" \"><strong>Ocuparam o cargo de\u00a0Presidente da C\u00e2mara de Vereadores:</strong></p>\r\n<ul>\r\n<li>Nicolau Val\u00e9rio \u2013 1877</li>\r\n<li>Laurindo J. Bello \u2013 1880</li>\r\n<li>Jos\u00e9 Pereira Linhares \u2013 1881</li>\r\n<li>Jo\u00e3o Vieira Ribas \u2013 1882/1883</li>\r\n<li>Saturnino Olinto da Silva \u2013 1884</li>\r\n<li>Miguel Jos\u00e9 Grein \u2013 1884/1885/1891</li>\r\n<li>Joaquim Teixeira Sab\u00f3ia \u2013 1892/1896</li>\r\n<li>Santiago James Braz \u2013 1897</li>\r\n<li>Thomaz Becker \u2013 1898</li>\r\n<li>Narcizo T\u00e1cito de Oliveira \u2013 1899</li>\r\n<li>Santiago James Braz \u2013 1900</li>\r\n<li>Teixeira Sab\u00f3ia \u2013 1901/1904</li>\r\n<li>Joaquim Ferreira do Amaral e Silva \u2013 1904/1908</li>\r\n<li>Em\u00edlio Von Linsingen \u2013 1908/1909</li>\r\n<li>Cel. Felipe Kirchner \u2013 1910/1912</li>\r\n<li>Joaquim Ferreira do Amaral e Silva \u2013 1913/1916</li>\r\n<li>Bas\u00edlio Celestino de Oliveira \u2013 1916/1917</li>\r\n<li>Henrique Stalke \u2013 1918/1919</li>\r\n<li>Jos\u00e9 Bley \u2013 1919/1920</li>\r\n<li>Ernesto A. Buschmann \u2013 1921/1924</li>\r\n<li>Cel. Felipe Kirchner \u2013 1924/1925/1928</li>\r\n<li>Lizandro Maciel \u2013 1929/1930</li>\r\n<li>Hugo Neumann \u2013 1935/1936</li>\r\n<li>Lauro Porto Lopes \u2013 1937</li>\r\n<li>Jos\u00e9 Eduardo Henning \u2013 1945/1949</li>\r\n<li>Paulo Nehls \u2013 1949/1950</li>\r\n<li>M\u00e1rio Sab\u00f3ia \u2013 1950</li>\r\n<li>Pedro Train \u2013 1951</li>\r\n<li>Jo\u00e3o Ferreira \u2013 1952/1954</li>\r\n<li>Ernesto E. Brunquell \u2013 1955/1956</li>\r\n<li>M\u00e1ximo Di Giorgio \u2013 1957/1959</li>\r\n<li>Carlindo B. Carstens \u2013 1959</li>\r\n<li>Lic\u00ednio Antonio de Mello \u2013 1960\u00a0</li>\r\n<li>Ary Souza \u2013 1961/1962</li>\r\n<li>Agostinho Paizani Filho \u2013 1963/1965</li>\r\n<li>Adholfo Tauschek \u2013 1966</li>\r\n<li>Francisco Furtado \u2013 1967/1968</li>\r\n<li>Oscar Geraldo Ribeiro Koster \u2013 1969/1970</li>\r\n<li>Waldemiro Weiss- 1971/1972</li>\r\n<li>Rog\u00e9rio Lopes Buch \u2013 1973</li>\r\n<li>Otac\u00edlio Bel\u00e9m \u2013 1973/1974</li>\r\n<li>Jos\u00e9 Muller \u2013 1975/1976</li>\r\n<li>Jos\u00e9 Valmor Ribeiro Nardes \u2013 1977/1978</li>\r\n<li>Agostinho Fuchs \u2013 1979/1980</li>\r\n<li>Luiz Milcheski \u2013 1981/1982</li>\r\n<li>J\u00falio Jos\u00e9 Rankel \u2013 1983/1984</li>\r\n<li>Jos\u00e9 Odacir Val\u00e9rio K\u00fchl \u2013 1985/1986</li>\r\n<li>Nei Luiz Marques \u2013 1987/1988</li>\r\n<li>Jos\u00e9 Valmor Ribeiro Nardes \u2013 1989/1990</li>\r\n<li>M\u00e1rcio Carotta \u2013 1991/1992</li>\r\n<li>Milton Jos\u00e9 Paizani \u2013 1993/1994</li>\r\n<li>Jos\u00e9 Edemar Val\u00e9rio \u2013 1995/1996</li>\r\n<li>Jos\u00e9 Edemar Val\u00e9rio \u2013 1997/1998</li>\r\n<li>Munir Snege \u2013 1999/2000</li>\r\n<li>Munir Snege \u2013 2001/2002</li>\r\n<li>Marcello Olsen \u2013 2003/2004</li>\r\n<li>Gari Vin\u00edcio Kiatkoski -2005/2006</li>\r\n<li>Jo\u00e3o Jacob Fuchs \u2013 2007/2008</li>\r\n<li>Gari Vin\u00edcio Kiatkoski \u2013 2009</li>\r\n<li>Maria C\u00e9lia Conte \u2013 2010</li>\r\n<li>Luis\u00a0 Boschetto \u2013 2011</li>\r\n<li>Daniel Teixeira da Cruz \u2013 2012</li>\r\n<li>Rodrigo Ot\u00e1vio Gondro \u2013 2013</li>\r\n<li>Luis Boschetto \u2013 2014</li>\r\n<li>Geraldo Veiga \u2013 2015</li>\r\n<li>\u00c9lcio Josu\u00e9 Cola\u00e7o \u2013 2016</li>\r\n<li>Alessandro Cristian Von Linsingen \u2013 2017</li>\r\n<li>Gari Vin\u00edcio Kiatkoski \u2013 2018</li>\r\n<li>\u00c9lcio Josu\u00e9 Cola\u00e7o \u2013 2019</li>\r\n<li>Sidney Itamar Wolter - 2020</li>\r\n<li>Jo\u00e3o Pedro de Amorim - 2021</li>\r\n<li>Ricardo Gon\u00e7alves Furquim - 2022</li>\r\n<li>Elcio Josu\u00e9 Cola\u00e7o - 2023/2024</li>\r\n<li class=\"last-item\">Odair Pereira -2025/2026</li>\r\n</ul>", "author_name": "", "version": "1.0", "author_url": "https://www.rionegro.pr.leg.br/author/adm", "provider_name": "C\u00e2mara Municipal de Rio Negro", "type": "rich"}