{"provider_url": "https://www.rionegro.pr.leg.br", "title": "C\u00e2mara de Rio Negro realiza entrega Pr\u00eamio Mulher Destaque", "html": "<p dir=\"ltr\"><span>A <strong>C\u00e2mara Municipal de Rio Negro</strong> realizou na \u00faltima quinta-feira, 12, a <strong>Sess\u00e3o Especial</strong> em comemora\u00e7\u00e3o ao Dia Internacional da Mulher e para a entrega do <strong>Pr\u00eamio Mulher Destaque</strong>, institu\u00eddo pela Lei Municipal n\u00ba 3.357/2024. A solenidade foi promovida pela Procuradoria da Mulher do Legislativo e teve como objetivo reconhecer mulheres que contribuem de forma significativa para o desenvolvimento social, cultural e comunit\u00e1rio do munic\u00edpio.</span></p>\r\n<p dir=\"ltr\"><span>A sess\u00e3o foi conduzida pela procuradora da mulher e vereadora Isabel Grossl, que destacou a import\u00e2ncia da valoriza\u00e7\u00e3o das mulheres rionegrenses e do reconhecimento de suas trajet\u00f3rias. Tamb\u00e9m compuseram a mesa as vereadoras Milene Stall, Neusa Heuko Swarowski e Maria C\u00e9lia Conte. E representando o Poder Executivo, a diretora do Departamento da Mulher, Patr\u00edcia de Assis Bastos, comp\u00f4s a mesa de autoridades.\u00a0 pode revisar e ver se ficou bom. Al\u00e9m da presen\u00e7a do presidente da C\u00e2mara, Odair Pereira, e dos vereadores Elcio Cola\u00e7o, Luiz Felipe Staffin, Francisco Veiga, Geovane de Lima, Landivo de Oliveira e Jo\u00e3o Alves.</span></p>\r\n<p dir=\"ltr\"><span>Durante a abertura, foi ressaltado que o pr\u00eamio tem como prop\u00f3sito reconhecer publicamente mulheres que, por meio de sua atua\u00e7\u00e3o profissional, social, comunit\u00e1ria ou cultural, contribuem para a transforma\u00e7\u00e3o da sociedade e para o fortalecimento da cidadania.</span></p>\r\n<p dir=\"ltr\"><span>Neste ano, foram homenageadas as seguintes mulheres:</span></p>\r\n<ul>\r\n<li dir=\"ltr\">\r\n<p dir=\"ltr\"><span>Carla Maria Kiatkoski</span><span><br /><br /></span></p>\r\n</li>\r\n<li dir=\"ltr\">\r\n<p dir=\"ltr\"><span>C\u00e9lia Kuhl</span><span><br /><br /></span></p>\r\n</li>\r\n<li dir=\"ltr\">\r\n<p dir=\"ltr\"><span>Elisabeth M\u00fcller</span><span><br /><br /></span></p>\r\n</li>\r\n<li dir=\"ltr\">\r\n<p dir=\"ltr\"><span>Elisangela Maria Ritzmann de Castro</span><span><br /><br /></span></p>\r\n</li>\r\n<li dir=\"ltr\">\r\n<p dir=\"ltr\"><span>Giane Cristian Machado</span><span><br /><br /></span></p>\r\n</li>\r\n<li dir=\"ltr\">\r\n<p dir=\"ltr\"><span>Isabela Alves de Souza</span><span><br /><br /></span></p>\r\n</li>\r\n<li dir=\"ltr\">\r\n<p dir=\"ltr\"><span>Irmeli Melz Nardes</span><span><br /><br /></span></p>\r\n</li>\r\n<li dir=\"ltr\">\r\n<p dir=\"ltr\"><span>Jacira Schafhauser</span><span><br /><br /></span></p>\r\n</li>\r\n<li dir=\"ltr\">\r\n<p dir=\"ltr\"><span>Maria Denck Val\u00e9rio</span><span><br /><br /></span></p>\r\n</li>\r\n<li dir=\"ltr\">\r\n<p dir=\"ltr\"><span>Matilde Walescko</span><span><br /><br /></span></p>\r\n</li>\r\n<li dir=\"ltr\">\r\n<p dir=\"ltr\"><span>Traudy Schossig</span><span><br /><br /></span></p>\r\n</li>\r\n</ul>\r\n<p dir=\"ltr\"><span>Cada uma das homenageadas teve sua trajet\u00f3ria apresentada durante a sess\u00e3o, evidenciando hist\u00f3rias marcadas por dedica\u00e7\u00e3o, trabalho, compromisso com a comunidade e contribui\u00e7\u00e3o para o desenvolvimento de Rio Negro. A programa\u00e7\u00e3o tamb\u00e9m contou com uma apresenta\u00e7\u00e3o musical da cantora T\u00e2nia Ferreira, que prestou homenagem \u00e0s mulheres presentes.</span></p>\r\n<p dir=\"ltr\"><span>Outro destaque da noite foram as int\u00e9rpretes de libras com transmiss\u00e3o ao vivo pelo Youtube e Facebook. A iniciativa teve como objetivo ampliar o acesso \u00e0 informa\u00e7\u00e3o e assegurar que pessoas com defici\u00eancia auditiva pudessem acompanhar e participar desse momento especial. A presen\u00e7a da interpreta\u00e7\u00e3o em L\u00edngua Brasileira de Sinais refor\u00e7a o compromisso do Poder Legislativo com a inclus\u00e3o, a acessibilidade e a democratiza\u00e7\u00e3o da comunica\u00e7\u00e3o, permitindo que mais pessoas tenham acesso \u00e0s atividades institucionais e aos eventos promovidos pela C\u00e2mara.</span></p>\r\n<p dir=\"ltr\"><span>A procuradora da mulher, Isabel Grossl,\u00a0 destacou que a Sess\u00e3o Especial tem como prop\u00f3sito valorizar mulheres que se destacam por a\u00e7\u00f5es construtivas em benef\u00edcio da sociedade, seja por meio do trabalho volunt\u00e1rio, da atua\u00e7\u00e3o profissional ou pelo exemplo de vida. Muitas dessas trajet\u00f3rias, frequentemente discretas e pouco conhecidas, s\u00e3o marcadas pelo altru\u00edsmo e pela dedica\u00e7\u00e3o ao pr\u00f3ximo.</span></p>\r\n<p dir=\"ltr\"><span>- Muitas vezes s\u00e3o mulheres an\u00f4nimas, cujo trabalho \u00e9 reconhecido por aqueles que percebem o grande valor de sua atua\u00e7\u00e3o. S\u00e3o hist\u00f3rias que merecem ser contadas, pois trouxeram benef\u00edcios sociais e humanit\u00e1rios e ajudam a inspirar outras pessoas a tamb\u00e9m praticarem o bem, fortalecendo uma sociedade mais solid\u00e1ria, amorosa e justa - destacou a procuradora da mulher, Isabel Grossl.\u00a0</span></p>\r\n<div><span><br /></span></div>", "author_name": "", "version": "1.0", "author_url": "https://www.rionegro.pr.leg.br/author/adm", "provider_name": "C\u00e2mara Municipal de Rio Negro", "type": "rich"}