{"provider_url": "https://www.rionegro.pr.leg.br", "title": "Audi\u00eancia P\u00fablica discute melhorias na BR-116 em Rio Negro", "html": "<p>A noite de quarta-feira, 8, foi marcada por um importante momento de participa\u00e7\u00e3o popular na <strong>C\u00e2mara Municipal de Rio Negro (CMRN)</strong>. A\u00a0<strong>Audi\u00eancia P\u00fablica</strong> para debater a obra de transposi\u00e7\u00e3o sobre a<strong> BR-116</strong> e demais demandas relacionadas ao contrato de concess\u00e3o da Autopista Planalto Sul reuniu mais de 80 cidad\u00e3os, com representantes de Rio Negro, Quitandinha, Campo do Tenente e Mafra, refor\u00e7ando o car\u00e1ter regional do debate.</p>\r\n<p>Representando o munic\u00edpio anfitri\u00e3o, a audi\u00eancia foi conduzida pelo presidente da C\u00e2mara, vereador <strong>Odair Pereira</strong> (PL), com a presen\u00e7a da 1\u00aa secret\u00e1ria, vereadora <strong>Milene Torres Gon\u00e7alves Stall</strong> (PSB); da 2\u00aa secret\u00e1ria, vereadora I<strong>sabel Grossl</strong> (Republicanos); e dos vereadores <strong>Francisco Veiga</strong> (PRD),<strong> Geovane de Lima</strong> (Podemos), <strong>Maria C\u00e9lia Conte</strong> (Uni\u00e3o), <strong>Jo\u00e3o Alves</strong> (PP) e <strong>Elcio Cola\u00e7o</strong> (PSD).</p>\r\n<p>Com 17 oradores inscritos, o encontro foi marcado por manifesta\u00e7\u00f5es diretas da comunidade, com sugest\u00f5es, desabafos, cr\u00edticas e apoio. Um dos principais temas foi o trevo do km 210, conhecido como <strong>Trevo da Norte Fios</strong>, apontado como um dos pontos mais perigosos do trecho urbano da rodovia. O local, que concentra o fluxo di\u00e1rio de mais de 2 mil alunos e trabalhadores, j\u00e1 registrou acidentes fatais e foi destacado pela popula\u00e7\u00e3o como prioridade absoluta para interven\u00e7\u00e3o, com pedidos de trevo elevado, sinaliza\u00e7\u00e3o adequada e obras de acessibilidade.</p>\r\n<p>O representante do Conselho Municipal da Pessoa com Defici\u00eancia e da Associa\u00e7\u00e3o Rionegrense da Pessoa com Defici\u00eancia (ARPDE), Marcos Ant\u00f4nio Reway, ressaltou a urg\u00eancia de garantir seguran\u00e7a e acessibilidade, especialmente no trecho entre o Col\u00e9gio Agr\u00edcola e a divisa com Mafra, lembrando que 80 acidentes e 5 mortes foram registrados nos \u00faltimos sete anos.</p>\r\n<p>O vereador <strong>Francisco Veiga</strong> reconheceu as melhorias realizadas pela concession\u00e1ria, como limpeza, sinaliza\u00e7\u00e3o e manuten\u00e7\u00e3o da pista, mas criticou os acessos prec\u00e1rios \u00e0s comunidades, especialmente na Roseira, e a retirada da isen\u00e7\u00e3o de ped\u00e1gio para moradores de Cuiup\u00e3, Retiro, Campina Bonita e Roseira, feita sem di\u00e1logo pr\u00e9vio com a popula\u00e7\u00e3o.</p>\r\n<p>Os vereadores de Quitandinha \u2014 H\u00e9lio Figura, Osmar Ribas e Edinei Mlenek \u2014 e o vereador Gustavo Vicentin, de Campo do Tenente, defenderam a uni\u00e3o regional para fortalecer as reivindica\u00e7\u00f5es junto aos \u00f3rg\u00e3os federais, enfatizando que a duplica\u00e7\u00e3o da BR-116 \u00e9 essencial para reduzir acidentes e impulsionar o desenvolvimento econ\u00f4mico do Sul paranaense e Norte catarinense.</p>\r\n<p>Representando a concession\u00e1ria, o engenheiro Marcos Fabr\u00edcio Dutra apresentou um panorama t\u00e9cnico: a Autopista Planalto Sul opera desde 2008, com cerca de 300 colaboradores, e j\u00e1 investiu mais de R$ 2 bilh\u00f5es em obras e R$ 800 milh\u00f5es em conserva\u00e7\u00e3o em 17 munic\u00edpios. Segundo ele, 93% das obras obrigat\u00f3rias j\u00e1 foram conclu\u00eddas, restando tr\u00eas projetos principais: o trevo de Mandirituba, a terceira faixa da Serra do Pelotas (in\u00edcio em 2026 e conclus\u00e3o em 2027) e o trevo de Rio Negro, que contar\u00e1 com passagem superior (viaduto), marginais, cal\u00e7adas e travessia de pedestres. O projeto j\u00e1 est\u00e1 finalizado e em an\u00e1lise pela Ag\u00eancia Nacional de Transportes Terrestres (ANTT), com previs\u00e3o de in\u00edcio da obra no come\u00e7o de 2026 e conclus\u00e3o em junho de 2027.</p>\r\n<p>Em nome do Poder Legislativo, o vereador Geovane de Lima \u2014 proponente do requerimento que originou a audi\u00eancia \u2014 destacou a import\u00e2ncia de ouvir a popula\u00e7\u00e3o e reunir informa\u00e7\u00f5es t\u00e9cnicas que fortale\u00e7am o pleito rionegrense. \u201cEssas manifesta\u00e7\u00f5es ser\u00e3o encaminhadas oficialmente ao Minist\u00e9rio dos Transportes, conforme orienta\u00e7\u00e3o da ANTT, e servir\u00e3o como base para que as demandas de Rio Negro e regi\u00e3o sejam consideradas no processo de reestrutura\u00e7\u00e3o do contrato de concess\u00e3o\u201d, afirmou.</p>\r\n<p>Tamb\u00e9m participaram o presidente da C\u00e2mara de Mafra, vereador Jos\u00e9 Marcos Witt; o presidente da C\u00e2mara de Campo do Tenente, vereador Rafael Ventura; e uma comitiva do Poder Legislativo de Quitandinha, representada pelo presidente Carlos Edmilson de Moura, al\u00e9m de empres\u00e1rios, lideran\u00e7as comunit\u00e1rias e representantes civis de diversas localidades.</p>\r\n<p>A audi\u00eancia p\u00fablica teve como objetivo consolidar as demandas locais e regionais relacionadas \u00e0 BR-116, especialmente no trecho urbano de Rio Negro, visando melhorias de seguran\u00e7a, mobilidade e infraestrutura. As contribui\u00e7\u00f5es colhidas ser\u00e3o sistematizadas pela C\u00e2mara Municipal e encaminhadas oficialmente ao Minist\u00e9rio dos Transportes, \u00e0 ANTT e \u00e0 concession\u00e1ria Autopista Planalto Sul.</p>\r\n<p>Ao final, o presidente Odair Pereira agradeceu a presen\u00e7a dos participantes e destacou o resultado do evento:</p>\r\n<p>\u201cFoi uma noite de uni\u00e3o e di\u00e1logo. Mostramos que Rio Negro e toda a regi\u00e3o est\u00e3o atentos e participativos. O que foi dito aqui ser\u00e1 levado adiante \u2014 com seriedade, responsabilidade e o compromisso de buscar solu\u00e7\u00f5es concretas.\u201d</p>", "author_name": "", "version": "1.0", "author_url": "https://www.rionegro.pr.leg.br/author/adm", "provider_name": "C\u00e2mara Municipal de Rio Negro", "type": "rich"}