{"provider_url": "https://www.rionegro.pr.leg.br", "title": "Audi\u00eancias P\u00fablicas \u2013 \u00c1gua para o Interior", "html": "<p data-start=\"395\" data-end=\"848\"><span><img src=\"https://www.rionegro.pr.leg.br/imagens/AudinciaPblicagua.png/@@images/759de367-e5cb-4d34-8f17-8ce8bb286659.png\" alt=\"\" class=\"image-inline\" title=\"\" /></span></p>\r\n<p data-start=\"395\" data-end=\"848\"><span>\ud83d\udccd </span><strong data-start=\"1453\" data-end=\"1491\">Calend\u00e1rio das Audi\u00eancias P\u00fablicas</strong></p>\r\n<h4 data-start=\"1493\" data-end=\"1521\">\u2705 Campina dos Martins</h4>\r\n<p data-start=\"1522\" data-end=\"1591\">\ud83d\udcc5 26/06/2025<br data-start=\"1535\" data-end=\"1538\" /> \ud83d\udd62 18h30<br data-start=\"1546\" data-end=\"1549\" /> \ud83d\udccc Sal\u00e3o de Festas da Capela S\u00e3o Sebasti\u00e3o</p>\r\n<h4 data-start=\"1593\" data-end=\"1620\">\u2705 S\u00edtio dos Val\u00e9rios</h4>\r\n<p data-start=\"1621\" data-end=\"1676\">\ud83d\udcc5 03/07/2025<br data-start=\"1634\" data-end=\"1637\" /> \ud83d\udd62 18h30<br data-start=\"1645\" data-end=\"1648\" /> \ud83d\udccc Sal\u00e3o de Festas da Capela</p>\r\n<h4 data-start=\"1678\" data-end=\"1705\">\u2705 Laranjal e Maitaca</h4>\r\n<p data-start=\"1706\" data-end=\"1782\">\ud83d\udcc5 09/07/2025<br data-start=\"1719\" data-end=\"1722\" /> \ud83d\udd61 18h30<br data-start=\"1730\" data-end=\"1733\" /> \ud83d\udccc Sal\u00e3o da Capela Nossa Senhora de Montes Claros</p>\r\n<p data-start=\"1706\" data-end=\"1782\">\u00a0</p>\r\n<h2 data-start=\"450\" data-end=\"470\"><strong data-start=\"453\" data-end=\"470\">Justificativa</strong></h2>\r\n<p data-start=\"472\" data-end=\"892\">O acesso \u00e0 \u00e1gua pot\u00e1vel \u00e9 um direito essencial e um fator determinante para a sa\u00fade, a dignidade e a perman\u00eancia das fam\u00edlias no meio rural. Muitas comunidades do interior de Rio Negro ainda <strong data-start=\"663\" data-end=\"723\">n\u00e3o s\u00e3o atendidas por sistemas p\u00fablicos de abastecimento</strong> e dependem de <strong data-start=\"738\" data-end=\"835\">po\u00e7os artesianos, microssistemas locais ou at\u00e9 do fornecimento emergencial via caminh\u00f5es-pipa</strong>, como ocorreu recentemente durante per\u00edodos de estiagem.</p>\r\n<p data-start=\"894\" data-end=\"1296\">Com o crescimento populacional, a press\u00e3o sobre os sistemas existentes aumentou. Al\u00e9m disso, muitos microssistemas operam sem o devido suporte t\u00e9cnico e com estrutura prec\u00e1ria. Diante disso, a <strong data-start=\"1087\" data-end=\"1192\">C\u00e2mara Municipal de Rio Negro est\u00e1 realizando uma s\u00e9rie de audi\u00eancias p\u00fablicas nas comunidades rurais</strong>, com o objetivo de escutar as demandas dos moradores e <strong data-start=\"1248\" data-end=\"1295\">encaminhar solu\u00e7\u00f5es pr\u00e1ticas e estruturadas</strong>.</p>\r\n<hr data-start=\"1298\" data-end=\"1301\" />\r\n<h2 data-start=\"1303\" data-end=\"1347\"><strong data-start=\"1306\" data-end=\"1347\">Finalidade e Objetivos das Audi\u00eancias</strong></h2>\r\n<ul data-start=\"1349\" data-end=\"1985\">\r\n<li data-start=\"1349\" data-end=\"1436\">\r\n<p data-start=\"1351\" data-end=\"1436\">Ouvir os moradores sobre os problemas de abastecimento de \u00e1gua em suas comunidades.</p>\r\n</li>\r\n<li data-start=\"1437\" data-end=\"1528\">\r\n<p data-start=\"1439\" data-end=\"1528\">Mapear os tipos de sistemas existentes (po\u00e7os, microssistemas, abastecimento coletivo).</p>\r\n</li>\r\n<li data-start=\"1529\" data-end=\"1593\">\r\n<p data-start=\"1531\" data-end=\"1593\">Identificar falhas, car\u00eancias t\u00e9cnicas e emerg\u00eancias locais.</p>\r\n</li>\r\n<li data-start=\"1594\" data-end=\"1667\">\r\n<p data-start=\"1596\" data-end=\"1667\">Debater solu\u00e7\u00f5es com os vereadores, Prefeitura e \u00f3rg\u00e3os respons\u00e1veis.</p>\r\n</li>\r\n<li data-start=\"1668\" data-end=\"1749\">\r\n<p data-start=\"1670\" data-end=\"1749\">Coletar propostas e relatos que subsidiem requerimentos e indica\u00e7\u00f5es formais.</p>\r\n</li>\r\n<li data-start=\"1750\" data-end=\"1829\">\r\n<p data-start=\"1752\" data-end=\"1829\">Avaliar a destina\u00e7\u00e3o de emendas impositivas para projetos de abastecimento.</p>\r\n</li>\r\n<li data-start=\"1830\" data-end=\"1909\">\r\n<p data-start=\"1832\" data-end=\"1909\">Elaborar relat\u00f3rios e documentos oficiais com os encaminhamentos definidos.</p>\r\n</li>\r\n<li data-start=\"1910\" data-end=\"1985\">\r\n<p data-start=\"1912\" data-end=\"1985\">Fortalecer a atua\u00e7\u00e3o institucional da C\u00e2mara junto \u00e0s comunidades rurais.</p>\r\n</li>\r\n</ul>\r\n<hr data-start=\"1987\" data-end=\"1990\" />\r\n<h2 data-start=\"1992\" data-end=\"2013\"><strong data-start=\"1995\" data-end=\"2013\">Contexto Local</strong></h2>\r\n<p data-start=\"2015\" data-end=\"2361\">Rio Negro possui dezenas de comunidades rurais, muitas delas com abastecimento parcial ou inexistente. A estiagem recente exp\u00f4s a fragilidade dos sistemas em funcionamento, exigindo a\u00e7\u00f5es emergenciais da Prefeitura e evidenciando a <strong data-start=\"2247\" data-end=\"2360\">necessidade de um planejamento de m\u00e9dio e longo prazo para garantir \u00e1gua tratada a todas as fam\u00edlias do campo</strong>.</p>\r\n<p data-start=\"2363\" data-end=\"2621\">As audi\u00eancias t\u00eam base nos princ\u00edpios do <strong data-start=\"2404\" data-end=\"2461\">Marco Legal do Saneamento B\u00e1sico (Lei n\u00ba 14.026/2020)</strong>, que determina que todos os brasileiros devem ter acesso \u00e0 \u00e1gua pot\u00e1vel at\u00e9 2033. O programa da C\u00e2mara busca contribuir para o alcance dessa meta no munic\u00edpio.</p>\r\n<hr data-start=\"2623\" data-end=\"2626\" />\r\n<h2 data-start=\"2628\" data-end=\"2650\"><strong data-start=\"2631\" data-end=\"2650\">Temas em Debate</strong></h2>\r\n<ul data-start=\"2652\" data-end=\"3005\">\r\n<li data-start=\"2652\" data-end=\"2711\">\r\n<p data-start=\"2654\" data-end=\"2711\">Situa\u00e7\u00e3o atual do abastecimento de \u00e1gua nas comunidades</p>\r\n</li>\r\n<li data-start=\"2712\" data-end=\"2774\">\r\n<p data-start=\"2714\" data-end=\"2774\">Po\u00e7os artesianos, microssistemas e seus desafios de gest\u00e3o</p>\r\n</li>\r\n<li data-start=\"2775\" data-end=\"2832\">\r\n<p data-start=\"2777\" data-end=\"2832\">Estiagens e estrat\u00e9gias emergenciais (caminh\u00f5es-pipa)</p>\r\n</li>\r\n<li data-start=\"2833\" data-end=\"2884\">\r\n<p data-start=\"2835\" data-end=\"2884\">Papel do Munic\u00edpio, Sanepar e Governo do Estado</p>\r\n</li>\r\n<li data-start=\"2885\" data-end=\"2938\">\r\n<p data-start=\"2887\" data-end=\"2938\">Propostas para amplia\u00e7\u00e3o do acesso \u00e0 \u00e1gua tratada</p>\r\n</li>\r\n<li data-start=\"2939\" data-end=\"3005\">\r\n<p data-start=\"2941\" data-end=\"3005\">Outras demandas levantadas pelos moradores durante as audi\u00eancias</p>\r\n</li>\r\n</ul>\r\n<hr data-start=\"3007\" data-end=\"3010\" />\r\n<h2 data-start=\"3012\" data-end=\"3040\"><strong data-start=\"3015\" data-end=\"3040\">Quem pode participar?</strong></h2>\r\n<ul data-start=\"3042\" data-end=\"3346\">\r\n<li data-start=\"3042\" data-end=\"3091\">\r\n<p data-start=\"3044\" data-end=\"3091\">Moradores das comunidades rurais de Rio Negro</p>\r\n</li>\r\n<li data-start=\"3092\" data-end=\"3126\">\r\n<p data-start=\"3094\" data-end=\"3126\">Vereadores da C\u00e2mara Municipal</p>\r\n</li>\r\n<li data-start=\"3127\" data-end=\"3169\">\r\n<p data-start=\"3129\" data-end=\"3169\">Representantes da Prefeitura Municipal</p>\r\n</li>\r\n<li data-start=\"3170\" data-end=\"3208\">\r\n<p data-start=\"3172\" data-end=\"3208\">T\u00e9cnicos da Sanepar e Defesa Civil</p>\r\n</li>\r\n<li data-start=\"3209\" data-end=\"3237\">\r\n<p data-start=\"3211\" data-end=\"3237\">Associa\u00e7\u00f5es comunit\u00e1rias</p>\r\n</li>\r\n<li data-start=\"3238\" data-end=\"3293\">\r\n<p data-start=\"3240\" data-end=\"3293\">Profissionais da sa\u00fade, agricultura e meio ambiente</p>\r\n</li>\r\n<li data-start=\"3294\" data-end=\"3346\">\r\n<p data-start=\"3296\" data-end=\"3346\">Cidad\u00e3os comprometidos com o desenvolvimento rural</p>\r\n</li>\r\n</ul>\r\n<hr data-start=\"3348\" data-end=\"3351\" />\r\n<h2 data-start=\"3353\" data-end=\"3376\"><strong data-start=\"3356\" data-end=\"3376\">Como participar?</strong></h2>\r\n<p data-start=\"3378\" data-end=\"3479\">\ud83d\udccd Compare\u00e7a no local e hor\u00e1rio indicados na agenda oficial.<br data-start=\"3438\" data-end=\"3441\" /> \u270d\ufe0f Deseja falar durante a audi\u00eancia?</p>\r\n<ul data-start=\"3480\" data-end=\"3617\">\r\n<li data-start=\"3480\" data-end=\"3556\">\r\n<p data-start=\"3482\" data-end=\"3556\">Inscreva-se presencialmente a partir das <strong data-start=\"3523\" data-end=\"3532\">17h30</strong> no local da audi\u00eancia</p>\r\n</li>\r\n<li data-start=\"3557\" data-end=\"3617\">\r\n<p data-start=\"3559\" data-end=\"3617\">Ou entre em contato antecipadamente com a C\u00e2mara Municipal</p>\r\n</li>\r\n</ul>\r\n<p data-start=\"3619\" data-end=\"3757\">\ud83d\udd52 Cada participante ter\u00e1 at\u00e9 <strong data-start=\"3649\" data-end=\"3663\">10 minutos</strong> para se manifestar. A prorroga\u00e7\u00e3o do tempo pode ser autorizada pela Presid\u00eancia da audi\u00eancia.</p>\r\n<hr data-start=\"3759\" data-end=\"3762\" />\r\n<h2 data-start=\"3764\" data-end=\"3800\"><strong data-start=\"3767\" data-end=\"3800\">Regras Gerais de Participa\u00e7\u00e3o</strong></h2>\r\n<ul data-start=\"3802\" data-end=\"4119\">\r\n<li data-start=\"3802\" data-end=\"3851\">\r\n<p data-start=\"3804\" data-end=\"3851\">As falas devem respeitar o tema da audi\u00eancia.</p>\r\n</li>\r\n<li data-start=\"3852\" data-end=\"3917\">\r\n<p data-start=\"3854\" data-end=\"3917\">Mantenha o respeito e a ordem durante todas as manifesta\u00e7\u00f5es.</p>\r\n</li>\r\n<li data-start=\"3918\" data-end=\"3986\">\r\n<p data-start=\"3920\" data-end=\"3986\">N\u00e3o s\u00e3o permitidas manifesta\u00e7\u00f5es ostensivas de apoio ou cr\u00edtica.</p>\r\n</li>\r\n<li data-start=\"3987\" data-end=\"4119\">\r\n<p data-start=\"3989\" data-end=\"4119\">O expositor que se desviar do assunto ou perturbar a ordem poder\u00e1 ter a palavra cassada, conforme o Art. 198 do Regimento Interno.</p>\r\n</li>\r\n</ul>\r\n<hr data-start=\"4121\" data-end=\"4124\" />\r\n<h2 data-start=\"4126\" data-end=\"4158\"><strong data-start=\"4129\" data-end=\"4158\">Resultados das Audi\u00eancias</strong></h2>\r\n<p data-start=\"4160\" data-end=\"4394\">As audi\u00eancias ser\u00e3o registradas em \u00e1udio e v\u00eddeo. Ao final do ciclo de encontros, ser\u00e1 elaborado um <strong data-start=\"4260\" data-end=\"4281\">relat\u00f3rio oficial</strong> contendo todas as demandas e sugest\u00f5es, que servir\u00e1 de base para a\u00e7\u00f5es legislativas e institucionais, incluindo:</p>\r\n<ul data-start=\"4396\" data-end=\"4592\">\r\n<li data-start=\"4396\" data-end=\"4439\">\r\n<p data-start=\"4398\" data-end=\"4439\">Indica\u00e7\u00f5es e requerimentos ao Executivo</p>\r\n</li>\r\n<li data-start=\"4440\" data-end=\"4497\">\r\n<p data-start=\"4442\" data-end=\"4497\">Encaminhamentos \u00e0 Sanepar e demais \u00f3rg\u00e3os competentes</p>\r\n</li>\r\n<li data-start=\"4498\" data-end=\"4534\">\r\n<p data-start=\"4500\" data-end=\"4534\">Propostas de emendas impositivas</p>\r\n</li>\r\n<li data-start=\"4535\" data-end=\"4592\">\r\n<p data-start=\"4537\" data-end=\"4592\">Propostas de pol\u00edticas p\u00fablicas para o saneamento rural</p>\r\n</li>\r\n</ul>\r\n<hr data-start=\"4594\" data-end=\"4597\" />\r\n<h2 data-start=\"4599\" data-end=\"4633\"><strong data-start=\"4602\" data-end=\"4633\">D\u00favidas ou mais informa\u00e7\u00f5es</strong></h2>\r\n<p data-start=\"4635\" data-end=\"4742\">\ud83d\udcde (47) 3641-7400<br data-start=\"4652\" data-end=\"4655\" /> \ud83d\udce7 <a class=\"cursor-pointer\" rel=\"noopener\" data-start=\"4658\" data-end=\"4683\">camara@rionegro.pr.leg.br</a><br data-start=\"4683\" data-end=\"4686\" /> \ud83c\udfdb\ufe0f Rua Dr. Vicente Machado, 148 \u2013 Centro \u2013 Rio Negro/PR</p>\r\n<hr data-start=\"4744\" data-end=\"4747\" />\r\n<p data-start=\"4749\" data-end=\"4919\"><strong data-start=\"4749\" data-end=\"4791\">\u00c1gua \u00e9 vida. Voz ativa \u00e9 participa\u00e7\u00e3o.</strong><br data-start=\"4791\" data-end=\"4794\" /> Participe das audi\u00eancias e ajude a construir um futuro com mais dignidade para todas as comunidades do interior de Rio Negro.</p>", "author_name": "", "version": "1.0", "author_url": "https://www.rionegro.pr.leg.br/author/adm", "provider_name": "C\u00e2mara Municipal de Rio Negro", "type": "rich"}